{"id":239,"date":"2025-05-08T17:52:14","date_gmt":"2025-05-08T15:52:14","guid":{"rendered":"https:\/\/mjm-parquet.com\/?p=239"},"modified":"2025-10-22T19:10:30","modified_gmt":"2025-10-22T17:10:30","slug":"renovation-de-parquet-a-saint-gratien-on-vous-dit-tout","status":"publish","type":"post","link":"https:\/\/mjm-parquet.com\/index.php\/2025\/05\/08\/renovation-de-parquet-a-saint-gratien-on-vous-dit-tout\/","title":{"rendered":"R\u00e9novation de parquet \u00e0 Saint-Gratien : on vous dit tout"},"content":{"rendered":"\n<p>Le parquet est un \u00e9l\u00e9ment central dans le charme et l\u2019\u00e9l\u00e9gance de votre int\u00e9rieur. Avec le temps, il peut s\u2019ab\u00eemer, perdre son \u00e9clat ou se ternir. Chez <strong><a href=\"http:\/\/www.mjm-parquet.com\">MJM Parquet<\/a><\/strong>, nous savons \u00e0 quel point la r\u00e9novation de parquet peut transformer une pi\u00e8ce et redonner vie \u00e0 votre sol. Dans cet article, nous vous expliquons tout ce qu\u2019il faut savoir sur la r\u00e9novation de parquet \u00e0 Saint-Gratien.<\/p>\n\n\n\n<hr class=\"wp-block-separator has-alpha-channel-opacity\"\/>\n\n\n\n<h3 class=\"wp-block-heading\">Pourquoi r\u00e9nover son parquet ?<\/h3>\n\n\n\n<p>M\u00eame les meilleurs parquets subissent l\u2019usure : rayures, taches, d\u00e9coloration due au soleil, petits impacts\u2026 La r\u00e9novation permet de :<\/p>\n\n\n\n<p>\u2705 <strong>Redonner de l\u2019\u00e9clat<\/strong> \u00e0 votre sol,<br>\u2705 <strong>Prolonger sa dur\u00e9e de vie<\/strong>,<br>\u2705 <strong>Corriger les d\u00e9fauts<\/strong> (jointures, grincements, lames ab\u00eem\u00e9es),<br>\u2705 <strong>Changer la finition<\/strong> pour s\u2019adapter \u00e0 vos envies (vernis, huile, cire, teinte).<\/p>\n\n\n\n<p>La r\u00e9novation co\u00fbte g\u00e9n\u00e9ralement moins cher qu\u2019un remplacement complet et offre un rendu spectaculaire.<\/p>\n\n\n\n<hr class=\"wp-block-separator has-alpha-channel-opacity\"\/>\n\n\n\n<h3 class=\"wp-block-heading\">Les \u00e9tapes d\u2019une r\u00e9novation r\u00e9ussie<\/h3>\n\n\n\n<ol class=\"wp-block-list\">\n<li><strong>Diagnostic du parquet<\/strong><br>Nous commen\u00e7ons par une analyse de l\u2019\u00e9tat de votre sol : type de bois, nature des dommages, \u00e9paisseur restante. Cette \u00e9tape est essentielle pour adapter la m\u00e9thode.<\/li>\n\n\n\n<li><strong>Pon\u00e7age<\/strong><br>C\u2019est l\u2019\u00e9tape cl\u00e9 : nous \u00e9liminons les anciennes couches de vernis, rayures et imperfections. Nous utilisons des ponceuses professionnelles adapt\u00e9es pour garantir un r\u00e9sultat uniforme.<\/li>\n\n\n\n<li><strong>R\u00e9paration<\/strong><br>Si n\u00e9cessaire, nous rempla\u00e7ons les lames endommag\u00e9es, refixons celles qui bougent et comblons les interstices avec une p\u00e2te sp\u00e9ciale.<\/li>\n\n\n\n<li><strong>Finition<\/strong><br>Enfin, nous appliquons la finition de votre choix : vitrification (vernis), huilage ou cirage. Chaque finition a ses avantages et donne un style unique \u00e0 votre parquet.<\/li>\n<\/ol>\n\n\n\n<hr class=\"wp-block-separator has-alpha-channel-opacity\"\/>\n\n\n\n<h3 class=\"wp-block-heading\">Pourquoi choisir MJM Parquet \u00e0 Saint-Gratien ?<\/h3>\n\n\n\n<p>\u2714 <strong>Expertise locale<\/strong> : Nous connaissons parfaitement les particularit\u00e9s des logements \u00e0 Saint-Gratien et ses environs.<br>\u2714 <strong>Mat\u00e9riel professionnel<\/strong> : Nous utilisons des machines performantes et des produits de qualit\u00e9.<br>\u2714 <strong>Respect de l\u2019environnement<\/strong> : Nous proposons des solutions \u00e9co-responsables.<br>\u2714 <strong>Conseils personnalis\u00e9s<\/strong> : Nous vous accompagnons dans le choix des teintes et des finitions selon vos go\u00fbts et votre mode de vie.<\/p>\n\n\n\n<hr class=\"wp-block-separator has-alpha-channel-opacity\"\/>\n\n\n\n<h3 class=\"wp-block-heading\">Quelques conseils pour entretenir votre parquet r\u00e9nov\u00e9<\/h3>\n\n\n\n<ul class=\"wp-block-list\">\n<li>Passez l\u2019aspirateur r\u00e9guli\u00e8rement avec un embout adapt\u00e9.<\/li>\n\n\n\n<li>Nettoyez avec un produit doux sp\u00e9cial parquet.<\/li>\n\n\n\n<li>\u00c9vitez l\u2019eau en exc\u00e8s.<\/li>\n\n\n\n<li>Prot\u00e9gez les pieds des meubles pour pr\u00e9venir les rayures.<\/li>\n<\/ul>\n\n\n\n<hr class=\"wp-block-separator has-alpha-channel-opacity\"\/>\n\n\n\n<h3 class=\"wp-block-heading\">Contactez-nous !<\/h3>\n\n\n\n<p>Vous \u00eates \u00e0 Saint-Gratien ou dans les alentours et vous envisagez de r\u00e9nover votre parquet ? N\u2019h\u00e9sitez pas \u00e0 nous contacter pour un <a href=\"https:\/\/mjm-parquet.com\/index.php\/contact\/\"><strong>devis gratuit<\/strong> <\/a>ou pour obtenir des <strong><a href=\"https:\/\/mjm-parquet.com\/index.php\/contact\/\">conseils personnalis\u00e9s<\/a><\/strong>. Chez <a href=\"https:\/\/mjm-parquet.com\">MJM Parquet<\/a>, nous mettons tout notre savoir-faire au service de votre sol !<\/p>\n\n\n\n<p>\ud83d\udcde <strong>T\u00e9l\u00e9phone<\/strong> : 06 30 96 32 19 <br>\ud83d\udce7 <strong>Email<\/strong> : mjmparquet@gmail.com<br>\ud83c\udf10 <strong>Site web<\/strong> : <a class=\"\" href=\"http:\/\/www.mjm-parquet.com\">www.mjm-parquet.com<\/a><\/p>\n","protected":false},"excerpt":{"rendered":"<p>Le parquet est un \u00e9l\u00e9ment central dans le charme et l\u2019\u00e9l\u00e9gance de votre int\u00e9rieur. Avec le temps, il peut s\u2019ab\u00eemer, perdre son \u00e9clat ou se ternir. Chez MJM Parquet, nous savons \u00e0 quel point la r\u00e9novation de parquet peut transformer une pi\u00e8ce et redonner vie \u00e0 votre sol. Dans cet article, nous vous expliquons tout &hellip; <\/p>\n<p class=\"link-more\"><a href=\"https:\/\/mjm-parquet.com\/index.php\/2025\/05\/08\/renovation-de-parquet-a-saint-gratien-on-vous-dit-tout\/\" class=\"more-link\">Lire la suite de<span class=\"screen-reader-text\">\u00ab\u00a0R\u00e9novation de parquet \u00e0 Saint-Gratien : on vous dit tout\u00a0\u00bb<\/span><\/a><\/p>\n","protected":false},"author":1,"featured_media":240,"comment_status":"closed","ping_status":"open","sticky":false,"template":"","format":"standard","meta":{"footnotes":""},"categories":[1],"tags":[],"class_list":["post-239","post","type-post","status-publish","format-standard","has-post-thumbnail","hentry","category-non-classe"],"yoast_head":"<!-- This site is optimized with the Yoast SEO plugin v27.3 - https:\/\/yoast.com\/product\/yoast-seo-wordpress\/ -->\n<title>R\u00e9novation de parquet \u00e0 Saint-Gratien : on vous dit tout - MJM PARQUET<\/title>\n<meta name=\"description\" content=\"R\u00e9novation de ce superbe parquet en point de Hongrie \u00e0 Saint-Gratien\" \/>\n<meta name=\"robots\" content=\"index, follow, max-snippet:-1, max-image-preview:large, max-video-preview:-1\" \/>\n<link rel=\"canonical\" href=\"https:\/\/mjm-parquet.com\/index.php\/2025\/05\/08\/renovation-de-parquet-a-saint-gratien-on-vous-dit-tout\/\" \/>\n<meta property=\"og:locale\" content=\"fr_FR\" \/>\n<meta property=\"og:type\" content=\"article\" \/>\n<meta property=\"og:title\" content=\"R\u00e9novation de parquet \u00e0 Saint-Gratien : on vous dit tout - MJM PARQUET\" \/>\n<meta property=\"og:description\" content=\"R\u00e9novation de ce superbe parquet en point de Hongrie \u00e0 Saint-Gratien\" \/>\n<meta property=\"og:url\" content=\"https:\/\/mjm-parquet.com\/index.php\/2025\/05\/08\/renovation-de-parquet-a-saint-gratien-on-vous-dit-tout\/\" \/>\n<meta property=\"og:site_name\" content=\"MJM PARQUET\" \/>\n<meta property=\"article:published_time\" content=\"2025-05-08T15:52:14+00:00\" \/>\n<meta property=\"article:modified_time\" content=\"2025-10-22T17:10:30+00:00\" \/>\n<meta property=\"og:image\" content=\"https:\/\/mjm-parquet.com\/wp-content\/uploads\/2025\/05\/d65b1f2d-d117-4884-af5f-04c3488aae1a-scaled.jpg\" \/>\n\t<meta property=\"og:image:width\" content=\"2560\" \/>\n\t<meta property=\"og:image:height\" content=\"1920\" \/>\n\t<meta property=\"og:image:type\" content=\"image\/jpeg\" \/>\n<meta name=\"author\" content=\"admin2040\" \/>\n<meta name=\"twitter:card\" content=\"summary_large_image\" \/>\n<meta name=\"twitter:label1\" content=\"\u00c9crit par\" \/>\n\t<meta name=\"twitter:data1\" content=\"admin2040\" \/>\n\t<meta name=\"twitter:label2\" content=\"Dur\u00e9e de lecture estim\u00e9e\" \/>\n\t<meta name=\"twitter:data2\" content=\"3 minutes\" \/>\n<script type=\"application\/ld+json\" class=\"yoast-schema-graph\">{\"@context\":\"https:\\\/\\\/schema.org\",\"@graph\":[{\"@type\":\"Article\",\"@id\":\"https:\\\/\\\/mjm-parquet.com\\\/index.php\\\/2025\\\/05\\\/08\\\/renovation-de-parquet-a-saint-gratien-on-vous-dit-tout\\\/#article\",\"isPartOf\":{\"@id\":\"https:\\\/\\\/mjm-parquet.com\\\/index.php\\\/2025\\\/05\\\/08\\\/renovation-de-parquet-a-saint-gratien-on-vous-dit-tout\\\/\"},\"author\":{\"name\":\"admin2040\",\"@id\":\"https:\\\/\\\/mjm-parquet.com\\\/#\\\/schema\\\/person\\\/3059089bcdeae8c2636379a3c5cea614\"},\"headline\":\"R\u00e9novation de parquet \u00e0 Saint-Gratien : on vous dit tout\",\"datePublished\":\"2025-05-08T15:52:14+00:00\",\"dateModified\":\"2025-10-22T17:10:30+00:00\",\"mainEntityOfPage\":{\"@id\":\"https:\\\/\\\/mjm-parquet.com\\\/index.php\\\/2025\\\/05\\\/08\\\/renovation-de-parquet-a-saint-gratien-on-vous-dit-tout\\\/\"},\"wordCount\":449,\"publisher\":{\"@id\":\"https:\\\/\\\/mjm-parquet.com\\\/#organization\"},\"image\":{\"@id\":\"https:\\\/\\\/mjm-parquet.com\\\/index.php\\\/2025\\\/05\\\/08\\\/renovation-de-parquet-a-saint-gratien-on-vous-dit-tout\\\/#primaryimage\"},\"thumbnailUrl\":\"https:\\\/\\\/mjm-parquet.com\\\/wp-content\\\/uploads\\\/2025\\\/05\\\/d65b1f2d-d117-4884-af5f-04c3488aae1a-scaled.jpg\",\"inLanguage\":\"fr-FR\"},{\"@type\":\"WebPage\",\"@id\":\"https:\\\/\\\/mjm-parquet.com\\\/index.php\\\/2025\\\/05\\\/08\\\/renovation-de-parquet-a-saint-gratien-on-vous-dit-tout\\\/\",\"url\":\"https:\\\/\\\/mjm-parquet.com\\\/index.php\\\/2025\\\/05\\\/08\\\/renovation-de-parquet-a-saint-gratien-on-vous-dit-tout\\\/\",\"name\":\"R\u00e9novation de parquet \u00e0 Saint-Gratien : on vous dit tout - MJM PARQUET\",\"isPartOf\":{\"@id\":\"https:\\\/\\\/mjm-parquet.com\\\/#website\"},\"primaryImageOfPage\":{\"@id\":\"https:\\\/\\\/mjm-parquet.com\\\/index.php\\\/2025\\\/05\\\/08\\\/renovation-de-parquet-a-saint-gratien-on-vous-dit-tout\\\/#primaryimage\"},\"image\":{\"@id\":\"https:\\\/\\\/mjm-parquet.com\\\/index.php\\\/2025\\\/05\\\/08\\\/renovation-de-parquet-a-saint-gratien-on-vous-dit-tout\\\/#primaryimage\"},\"thumbnailUrl\":\"https:\\\/\\\/mjm-parquet.com\\\/wp-content\\\/uploads\\\/2025\\\/05\\\/d65b1f2d-d117-4884-af5f-04c3488aae1a-scaled.jpg\",\"datePublished\":\"2025-05-08T15:52:14+00:00\",\"dateModified\":\"2025-10-22T17:10:30+00:00\",\"description\":\"R\u00e9novation de ce superbe parquet en point de Hongrie \u00e0 Saint-Gratien\",\"breadcrumb\":{\"@id\":\"https:\\\/\\\/mjm-parquet.com\\\/index.php\\\/2025\\\/05\\\/08\\\/renovation-de-parquet-a-saint-gratien-on-vous-dit-tout\\\/#breadcrumb\"},\"inLanguage\":\"fr-FR\",\"potentialAction\":[{\"@type\":\"ReadAction\",\"target\":[\"https:\\\/\\\/mjm-parquet.com\\\/index.php\\\/2025\\\/05\\\/08\\\/renovation-de-parquet-a-saint-gratien-on-vous-dit-tout\\\/\"]}]},{\"@type\":\"ImageObject\",\"inLanguage\":\"fr-FR\",\"@id\":\"https:\\\/\\\/mjm-parquet.com\\\/index.php\\\/2025\\\/05\\\/08\\\/renovation-de-parquet-a-saint-gratien-on-vous-dit-tout\\\/#primaryimage\",\"url\":\"https:\\\/\\\/mjm-parquet.com\\\/wp-content\\\/uploads\\\/2025\\\/05\\\/d65b1f2d-d117-4884-af5f-04c3488aae1a-scaled.jpg\",\"contentUrl\":\"https:\\\/\\\/mjm-parquet.com\\\/wp-content\\\/uploads\\\/2025\\\/05\\\/d65b1f2d-d117-4884-af5f-04c3488aae1a-scaled.jpg\",\"width\":2560,\"height\":1920},{\"@type\":\"BreadcrumbList\",\"@id\":\"https:\\\/\\\/mjm-parquet.com\\\/index.php\\\/2025\\\/05\\\/08\\\/renovation-de-parquet-a-saint-gratien-on-vous-dit-tout\\\/#breadcrumb\",\"itemListElement\":[{\"@type\":\"ListItem\",\"position\":1,\"name\":\"Home\",\"item\":\"https:\\\/\\\/mjm-parquet.com\\\/\"},{\"@type\":\"ListItem\",\"position\":2,\"name\":\"R\u00e9novation de parquet \u00e0 Saint-Gratien : on vous dit tout\"}]},{\"@type\":\"WebSite\",\"@id\":\"https:\\\/\\\/mjm-parquet.com\\\/#website\",\"url\":\"https:\\\/\\\/mjm-parquet.com\\\/\",\"name\":\"MJM PARQUET\",\"description\":\"Pose, Pon\u00e7age et Vitrification tous types de parquet\",\"publisher\":{\"@id\":\"https:\\\/\\\/mjm-parquet.com\\\/#organization\"},\"potentialAction\":[{\"@type\":\"SearchAction\",\"target\":{\"@type\":\"EntryPoint\",\"urlTemplate\":\"https:\\\/\\\/mjm-parquet.com\\\/?s={search_term_string}\"},\"query-input\":{\"@type\":\"PropertyValueSpecification\",\"valueRequired\":true,\"valueName\":\"search_term_string\"}}],\"inLanguage\":\"fr-FR\"},{\"@type\":\"Organization\",\"@id\":\"https:\\\/\\\/mjm-parquet.com\\\/#organization\",\"name\":\"MJM PARQUET\",\"url\":\"https:\\\/\\\/mjm-parquet.com\\\/\",\"logo\":{\"@type\":\"ImageObject\",\"inLanguage\":\"fr-FR\",\"@id\":\"https:\\\/\\\/mjm-parquet.com\\\/#\\\/schema\\\/logo\\\/image\\\/\",\"url\":\"http:\\\/\\\/mjm-parquet.com\\\/wp-content\\\/uploads\\\/2022\\\/04\\\/cropped-cropped-275302708_482341203633987_1267789009845456665_n.png\",\"contentUrl\":\"http:\\\/\\\/mjm-parquet.com\\\/wp-content\\\/uploads\\\/2022\\\/04\\\/cropped-cropped-275302708_482341203633987_1267789009845456665_n.png\",\"width\":512,\"height\":512,\"caption\":\"MJM PARQUET\"},\"image\":{\"@id\":\"https:\\\/\\\/mjm-parquet.com\\\/#\\\/schema\\\/logo\\\/image\\\/\"}},{\"@type\":\"Person\",\"@id\":\"https:\\\/\\\/mjm-parquet.com\\\/#\\\/schema\\\/person\\\/3059089bcdeae8c2636379a3c5cea614\",\"name\":\"admin2040\",\"image\":{\"@type\":\"ImageObject\",\"inLanguage\":\"fr-FR\",\"@id\":\"https:\\\/\\\/secure.gravatar.com\\\/avatar\\\/2368eaefd16b5db6edac3bd58aa45e2af9e21e0133b52b07dc99d21c6658fe35?s=96&d=mm&r=g\",\"url\":\"https:\\\/\\\/secure.gravatar.com\\\/avatar\\\/2368eaefd16b5db6edac3bd58aa45e2af9e21e0133b52b07dc99d21c6658fe35?s=96&d=mm&r=g\",\"contentUrl\":\"https:\\\/\\\/secure.gravatar.com\\\/avatar\\\/2368eaefd16b5db6edac3bd58aa45e2af9e21e0133b52b07dc99d21c6658fe35?s=96&d=mm&r=g\",\"caption\":\"admin2040\"},\"sameAs\":[\"http:\\\/\\\/mjm-parquet.com\"],\"url\":\"https:\\\/\\\/mjm-parquet.com\\\/index.php\\\/author\\\/admin2040\\\/\"}]}<\/script>\n<!-- \/ Yoast SEO plugin. -->","yoast_head_json":{"title":"R\u00e9novation de parquet \u00e0 Saint-Gratien : on vous dit tout - MJM PARQUET","description":"R\u00e9novation de ce superbe parquet en point de Hongrie \u00e0 Saint-Gratien","robots":{"index":"index","follow":"follow","max-snippet":"max-snippet:-1","max-image-preview":"max-image-preview:large","max-video-preview":"max-video-preview:-1"},"canonical":"https:\/\/mjm-parquet.com\/index.php\/2025\/05\/08\/renovation-de-parquet-a-saint-gratien-on-vous-dit-tout\/","og_locale":"fr_FR","og_type":"article","og_title":"R\u00e9novation de parquet \u00e0 Saint-Gratien : on vous dit tout - MJM PARQUET","og_description":"R\u00e9novation de ce superbe parquet en point de Hongrie \u00e0 Saint-Gratien","og_url":"https:\/\/mjm-parquet.com\/index.php\/2025\/05\/08\/renovation-de-parquet-a-saint-gratien-on-vous-dit-tout\/","og_site_name":"MJM PARQUET","article_published_time":"2025-05-08T15:52:14+00:00","article_modified_time":"2025-10-22T17:10:30+00:00","og_image":[{"width":2560,"height":1920,"url":"https:\/\/mjm-parquet.com\/wp-content\/uploads\/2025\/05\/d65b1f2d-d117-4884-af5f-04c3488aae1a-scaled.jpg","type":"image\/jpeg"}],"author":"admin2040","twitter_card":"summary_large_image","twitter_misc":{"\u00c9crit par":"admin2040","Dur\u00e9e de lecture estim\u00e9e":"3 minutes"},"schema":{"@context":"https:\/\/schema.org","@graph":[{"@type":"Article","@id":"https:\/\/mjm-parquet.com\/index.php\/2025\/05\/08\/renovation-de-parquet-a-saint-gratien-on-vous-dit-tout\/#article","isPartOf":{"@id":"https:\/\/mjm-parquet.com\/index.php\/2025\/05\/08\/renovation-de-parquet-a-saint-gratien-on-vous-dit-tout\/"},"author":{"name":"admin2040","@id":"https:\/\/mjm-parquet.com\/#\/schema\/person\/3059089bcdeae8c2636379a3c5cea614"},"headline":"R\u00e9novation de parquet \u00e0 Saint-Gratien : on vous dit tout","datePublished":"2025-05-08T15:52:14+00:00","dateModified":"2025-10-22T17:10:30+00:00","mainEntityOfPage":{"@id":"https:\/\/mjm-parquet.com\/index.php\/2025\/05\/08\/renovation-de-parquet-a-saint-gratien-on-vous-dit-tout\/"},"wordCount":449,"publisher":{"@id":"https:\/\/mjm-parquet.com\/#organization"},"image":{"@id":"https:\/\/mjm-parquet.com\/index.php\/2025\/05\/08\/renovation-de-parquet-a-saint-gratien-on-vous-dit-tout\/#primaryimage"},"thumbnailUrl":"https:\/\/mjm-parquet.com\/wp-content\/uploads\/2025\/05\/d65b1f2d-d117-4884-af5f-04c3488aae1a-scaled.jpg","inLanguage":"fr-FR"},{"@type":"WebPage","@id":"https:\/\/mjm-parquet.com\/index.php\/2025\/05\/08\/renovation-de-parquet-a-saint-gratien-on-vous-dit-tout\/","url":"https:\/\/mjm-parquet.com\/index.php\/2025\/05\/08\/renovation-de-parquet-a-saint-gratien-on-vous-dit-tout\/","name":"R\u00e9novation de parquet \u00e0 Saint-Gratien : on vous dit tout - MJM PARQUET","isPartOf":{"@id":"https:\/\/mjm-parquet.com\/#website"},"primaryImageOfPage":{"@id":"https:\/\/mjm-parquet.com\/index.php\/2025\/05\/08\/renovation-de-parquet-a-saint-gratien-on-vous-dit-tout\/#primaryimage"},"image":{"@id":"https:\/\/mjm-parquet.com\/index.php\/2025\/05\/08\/renovation-de-parquet-a-saint-gratien-on-vous-dit-tout\/#primaryimage"},"thumbnailUrl":"https:\/\/mjm-parquet.com\/wp-content\/uploads\/2025\/05\/d65b1f2d-d117-4884-af5f-04c3488aae1a-scaled.jpg","datePublished":"2025-05-08T15:52:14+00:00","dateModified":"2025-10-22T17:10:30+00:00","description":"R\u00e9novation de ce superbe parquet en point de Hongrie \u00e0 Saint-Gratien","breadcrumb":{"@id":"https:\/\/mjm-parquet.com\/index.php\/2025\/05\/08\/renovation-de-parquet-a-saint-gratien-on-vous-dit-tout\/#breadcrumb"},"inLanguage":"fr-FR","potentialAction":[{"@type":"ReadAction","target":["https:\/\/mjm-parquet.com\/index.php\/2025\/05\/08\/renovation-de-parquet-a-saint-gratien-on-vous-dit-tout\/"]}]},{"@type":"ImageObject","inLanguage":"fr-FR","@id":"https:\/\/mjm-parquet.com\/index.php\/2025\/05\/08\/renovation-de-parquet-a-saint-gratien-on-vous-dit-tout\/#primaryimage","url":"https:\/\/mjm-parquet.com\/wp-content\/uploads\/2025\/05\/d65b1f2d-d117-4884-af5f-04c3488aae1a-scaled.jpg","contentUrl":"https:\/\/mjm-parquet.com\/wp-content\/uploads\/2025\/05\/d65b1f2d-d117-4884-af5f-04c3488aae1a-scaled.jpg","width":2560,"height":1920},{"@type":"BreadcrumbList","@id":"https:\/\/mjm-parquet.com\/index.php\/2025\/05\/08\/renovation-de-parquet-a-saint-gratien-on-vous-dit-tout\/#breadcrumb","itemListElement":[{"@type":"ListItem","position":1,"name":"Home","item":"https:\/\/mjm-parquet.com\/"},{"@type":"ListItem","position":2,"name":"R\u00e9novation de parquet \u00e0 Saint-Gratien : on vous dit tout"}]},{"@type":"WebSite","@id":"https:\/\/mjm-parquet.com\/#website","url":"https:\/\/mjm-parquet.com\/","name":"MJM PARQUET","description":"Pose, Pon\u00e7age et Vitrification tous types de parquet","publisher":{"@id":"https:\/\/mjm-parquet.com\/#organization"},"potentialAction":[{"@type":"SearchAction","target":{"@type":"EntryPoint","urlTemplate":"https:\/\/mjm-parquet.com\/?s={search_term_string}"},"query-input":{"@type":"PropertyValueSpecification","valueRequired":true,"valueName":"search_term_string"}}],"inLanguage":"fr-FR"},{"@type":"Organization","@id":"https:\/\/mjm-parquet.com\/#organization","name":"MJM PARQUET","url":"https:\/\/mjm-parquet.com\/","logo":{"@type":"ImageObject","inLanguage":"fr-FR","@id":"https:\/\/mjm-parquet.com\/#\/schema\/logo\/image\/","url":"http:\/\/mjm-parquet.com\/wp-content\/uploads\/2022\/04\/cropped-cropped-275302708_482341203633987_1267789009845456665_n.png","contentUrl":"http:\/\/mjm-parquet.com\/wp-content\/uploads\/2022\/04\/cropped-cropped-275302708_482341203633987_1267789009845456665_n.png","width":512,"height":512,"caption":"MJM PARQUET"},"image":{"@id":"https:\/\/mjm-parquet.com\/#\/schema\/logo\/image\/"}},{"@type":"Person","@id":"https:\/\/mjm-parquet.com\/#\/schema\/person\/3059089bcdeae8c2636379a3c5cea614","name":"admin2040","image":{"@type":"ImageObject","inLanguage":"fr-FR","@id":"https:\/\/secure.gravatar.com\/avatar\/2368eaefd16b5db6edac3bd58aa45e2af9e21e0133b52b07dc99d21c6658fe35?s=96&d=mm&r=g","url":"https:\/\/secure.gravatar.com\/avatar\/2368eaefd16b5db6edac3bd58aa45e2af9e21e0133b52b07dc99d21c6658fe35?s=96&d=mm&r=g","contentUrl":"https:\/\/secure.gravatar.com\/avatar\/2368eaefd16b5db6edac3bd58aa45e2af9e21e0133b52b07dc99d21c6658fe35?s=96&d=mm&r=g","caption":"admin2040"},"sameAs":["http:\/\/mjm-parquet.com"],"url":"https:\/\/mjm-parquet.com\/index.php\/author\/admin2040\/"}]}},"_links":{"self":[{"href":"https:\/\/mjm-parquet.com\/index.php\/wp-json\/wp\/v2\/posts\/239","targetHints":{"allow":["GET"]}}],"collection":[{"href":"https:\/\/mjm-parquet.com\/index.php\/wp-json\/wp\/v2\/posts"}],"about":[{"href":"https:\/\/mjm-parquet.com\/index.php\/wp-json\/wp\/v2\/types\/post"}],"author":[{"embeddable":true,"href":"https:\/\/mjm-parquet.com\/index.php\/wp-json\/wp\/v2\/users\/1"}],"replies":[{"embeddable":true,"href":"https:\/\/mjm-parquet.com\/index.php\/wp-json\/wp\/v2\/comments?post=239"}],"version-history":[{"count":1,"href":"https:\/\/mjm-parquet.com\/index.php\/wp-json\/wp\/v2\/posts\/239\/revisions"}],"predecessor-version":[{"id":241,"href":"https:\/\/mjm-parquet.com\/index.php\/wp-json\/wp\/v2\/posts\/239\/revisions\/241"}],"wp:featuredmedia":[{"embeddable":true,"href":"https:\/\/mjm-parquet.com\/index.php\/wp-json\/wp\/v2\/media\/240"}],"wp:attachment":[{"href":"https:\/\/mjm-parquet.com\/index.php\/wp-json\/wp\/v2\/media?parent=239"}],"wp:term":[{"taxonomy":"category","embeddable":true,"href":"https:\/\/mjm-parquet.com\/index.php\/wp-json\/wp\/v2\/categories?post=239"},{"taxonomy":"post_tag","embeddable":true,"href":"https:\/\/mjm-parquet.com\/index.php\/wp-json\/wp\/v2\/tags?post=239"}],"curies":[{"name":"wp","href":"https:\/\/api.w.org\/{rel}","templated":true}]}}